{"id":8493,"date":"2025-09-05T18:39:47","date_gmt":"2025-09-05T16:39:47","guid":{"rendered":"https:\/\/portalesgi.isprambiente.it\/?p=8493"},"modified":"2025-09-05T18:39:47","modified_gmt":"2025-09-05T16:39:47","slug":"pier-giorgio-frassati-lingegnere-del-cielo-e-della-terra","status":"publish","type":"post","link":"https:\/\/portalesgi.isprambiente.it\/?p=8493","title":{"rendered":"Pier Giorgio Frassati: l\u2019ingegnere del cielo e della terra"},"content":{"rendered":"<p>Pier Giorgio Frassati (1901\u20131925) non \u00e8 stato solo un giovane caritatevole e devoto: \u00e8 stato <strong>uno studente di ingegneria mineraria<\/strong> con una visione profonda e concreta della vita, radicata nelle <strong>rocce della terra<\/strong> tanto quanto <strong>nelle altezze del cielo<\/strong>. Nato a Torino in una famiglia agiata e laica, scelse un cammino controcorrente: <strong>volle studiare ingegneria mineraria al Politecnico<\/strong>, non per ambizione personale, ma per <strong>essere vicino ai lavoratori delle miniere<\/strong>, a coloro che ogni giorno scendevano nelle viscere del mondo a strappare alla terra carbone, metalli e roccia, pagando con fatica, malattie e povert\u00e0.<\/p>\n<p>Frassati non vedeva la tecnica come un fine, ma come <strong>mezzo di servizio<\/strong>. Diceva:<\/p>\n<p><em>\u00abScelgo ingegneria mineraria per poter scendere con i minatori nelle viscere della terra\u00bb.<\/em><\/p>\n<p>Non era un gesto simbolico: era una scelta concreta di <strong>vita, professione e solidariet\u00e0<\/strong>. In un\u2019epoca in cui i minatori erano spesso invisibili, sfruttati e dimenticati, Frassati voleva mettersi <strong>al loro fianco<\/strong>, parlando il loro linguaggio, condividendone le fatiche, comprendendone i pericoli. Il suo amore per la <strong>geologia<\/strong>, per la <strong>montagna<\/strong>, per il mondo sotterraneo, non era solo scientifico, ma umano e spirituale. Studiava le rocce con gli occhi dell\u2019ingegnere, ma anche con il cuore di un fratello.<\/p>\n<p>Alpinista esperto, Frassati trascorreva ogni momento libero tra le vette delle Alpi. La montagna era per lui <strong>scuola di carattere<\/strong>, di silenzio, di preghiera. Lass\u00f9, tra neve e granito, si sentiva pi\u00f9 vicino a Dio, ma anche pi\u00f9 pronto a scendere nei &#8220;pozzi&#8221; dell\u2019umanit\u00e0, l\u00e0 dove l\u2019uomo \u00e8 pi\u00f9 fragile, come nei quartieri operai, nelle case dei poveri, negli ospedali. La montagna e la miniera erano i due poli della sua vita: <strong>l\u2019altezza e la profondit\u00e0<\/strong>, <strong>la contemplazione e l\u2019azione<\/strong>, <strong>lo spirito e la materia<\/strong>.<\/p>\n<p>Mor\u00ec a soli 24 anni, per una poliomielite fulminante contratta, probabilmente, proprio durante una delle sue opere di carit\u00e0. Al suo funerale, Torino vide scendere in strada migliaia di poveri e minatori, che nessuno dei suoi parenti conosceva. Erano gli ultimi, i dimenticati, quelli che lui aveva aiutato in silenzio, senza proclami.<\/p>\n<p>Pier Giorgio \u00e8 stato <strong>beatificato nel 1990<\/strong> da <strong>Papa Giovanni Paolo II<\/strong>, che lo defin\u00ec \u201c<strong>l\u2019uomo delle Beatitudini<\/strong>\u201d. Oggi \u00e8 <strong>venerato da studenti, alpinisti, volontari e giovani cristiani<\/strong> in tutto il mondo. In particolare, \u00e8 considerato:<\/p>\n<ul>\n<li><strong>Patrono degli alpinisti<\/strong>,<\/li>\n<li><strong>Esempio per gli ingegneri e gli studenti universitari<\/strong>,<\/li>\n<li><strong>Testimone per i lavoratori e per chi si batte per la dignit\u00e0 degli ultimi<\/strong>.<\/li>\n<\/ul>\n<p>Il suo corpo incorrotto riposa nella Cattedrale di Torino, e la sua figura continua ad affascinare chi cerca <strong>una fede concreta, fatta di studio, lavoro, carit\u00e0 e passione per la terra<\/strong>.<\/p>\n<p><img fetchpriority=\"high\" decoding=\"async\" class=\"alignnone  wp-image-8494\" src=\"http:\/\/portalesgi.isprambiente.it\/wp-content\/uploads\/2025\/09\/1024px-Saint_Patrick_Catholic_Church_Columbus_Ohio_-_relic_of_Saint_Pier_Giorgio_Frassati-187x300.jpg\" alt=\"\" width=\"551\" height=\"884\" \/><\/p>\n<p>Saint Patrick Catholic Church (Columbus, Ohio) &#8211; relic of Saint Pier Giorgio Frassati. L&#8217;edificio \u00e8 inserito nel National Register of Historic Places &#8211; Di Jschnalzer &#8211; Opera propria,\u00a0<a href=\"https:\/\/creativecommons.org\/licenses\/by-sa\/4.0\" target=\"_blank\" rel=\"noopener noreferrer\">CC BY-SA 4.0<\/a>, Collegamento<\/p>\n","protected":false},"excerpt":{"rendered":"<p>Pier Giorgio Frassati (1901\u20131925) non \u00e8 stato solo un giovane caritatevole e devoto: \u00e8 stato uno studente di ingegneria mineraria con una visione profonda e concreta della vita, radicata nelle rocce della terra tanto quanto nelle altezze del cielo.<\/p>\n","protected":false},"author":3,"featured_media":8494,"comment_status":"closed","ping_status":"open","sticky":false,"template":"","format":"standard","meta":{"wp_popup_display_lightbox":0,"wp_popup_suppress":"","wp_popup_trigger":"","wp_popup_trigger_amount":0,"wp_popup_disable_on_mobile":false,"footnotes":""},"categories":[43],"tags":[],"class_list":["post-8493","post","type-post","status-publish","format-standard","has-post-thumbnail","hentry","category-news"],"featured_media_urls":{"thumbnail":["https:\/\/portalesgi.isprambiente.it\/wp-content\/uploads\/2025\/09\/1024px-Saint_Patrick_Catholic_Church_Columbus_Ohio_-_relic_of_Saint_Pier_Giorgio_Frassati-e1757090366165-150x150.jpg",150,150,true],"medium":["https:\/\/portalesgi.isprambiente.it\/wp-content\/uploads\/2025\/09\/1024px-Saint_Patrick_Catholic_Church_Columbus_Ohio_-_relic_of_Saint_Pier_Giorgio_Frassati-e1757090366165-300x168.jpg",300,168,true],"medium_large":["https:\/\/portalesgi.isprambiente.it\/wp-content\/uploads\/2025\/09\/1024px-Saint_Patrick_Catholic_Church_Columbus_Ohio_-_relic_of_Saint_Pier_Giorgio_Frassati-e1757090366165-768x431.jpg",768,431,true],"large":["https:\/\/portalesgi.isprambiente.it\/wp-content\/uploads\/2025\/09\/1024px-Saint_Patrick_Catholic_Church_Columbus_Ohio_-_relic_of_Saint_Pier_Giorgio_Frassati-e1757090366165.jpg",1020,572,false],"1536x1536":["https:\/\/portalesgi.isprambiente.it\/wp-content\/uploads\/2025\/09\/1024px-Saint_Patrick_Catholic_Church_Columbus_Ohio_-_relic_of_Saint_Pier_Giorgio_Frassati-e1757090366165.jpg",1020,572,false],"2048x2048":["https:\/\/portalesgi.isprambiente.it\/wp-content\/uploads\/2025\/09\/1024px-Saint_Patrick_Catholic_Church_Columbus_Ohio_-_relic_of_Saint_Pier_Giorgio_Frassati-e1757090366165.jpg",1020,572,false],"trp-custom-language-flag":["https:\/\/portalesgi.isprambiente.it\/wp-content\/uploads\/2025\/09\/1024px-Saint_Patrick_Catholic_Church_Columbus_Ohio_-_relic_of_Saint_Pier_Giorgio_Frassati-e1757090366165-18x10.jpg",18,10,true],"gallery-preview":["https:\/\/portalesgi.isprambiente.it\/wp-content\/uploads\/2025\/09\/1024px-Saint_Patrick_Catholic_Church_Columbus_Ohio_-_relic_of_Saint_Pier_Giorgio_Frassati-e1757090366165-80x80.jpg",80,80,true],"post-thumbnails":["https:\/\/portalesgi.isprambiente.it\/wp-content\/uploads\/2025\/09\/1024px-Saint_Patrick_Catholic_Church_Columbus_Ohio_-_relic_of_Saint_Pier_Giorgio_Frassati-e1757090366165-512x512.jpg",512,512,true],"news-image":["https:\/\/portalesgi.isprambiente.it\/wp-content\/uploads\/2025\/09\/1024px-Saint_Patrick_Catholic_Church_Columbus_Ohio_-_relic_of_Saint_Pier_Giorgio_Frassati-e1757090366165-400x220.jpg",400,220,true],"portfolio_item-thumbnail":["https:\/\/portalesgi.isprambiente.it\/wp-content\/uploads\/2025\/09\/1024px-Saint_Patrick_Catholic_Church_Columbus_Ohio_-_relic_of_Saint_Pier_Giorgio_Frassati-e1757090366165-600x400.jpg",600,400,true],"portfolio_item-thumbnail@2x":["https:\/\/portalesgi.isprambiente.it\/wp-content\/uploads\/2025\/09\/1024px-Saint_Patrick_Catholic_Church_Columbus_Ohio_-_relic_of_Saint_Pier_Giorgio_Frassati-e1757090366165.jpg",1020,572,false],"portfolio_item-masonry":["https:\/\/portalesgi.isprambiente.it\/wp-content\/uploads\/2025\/09\/1024px-Saint_Patrick_Catholic_Church_Columbus_Ohio_-_relic_of_Saint_Pier_Giorgio_Frassati-e1757090366165-600x336.jpg",600,336,true],"portfolio_item-masonry@2x":["https:\/\/portalesgi.isprambiente.it\/wp-content\/uploads\/2025\/09\/1024px-Saint_Patrick_Catholic_Church_Columbus_Ohio_-_relic_of_Saint_Pier_Giorgio_Frassati-e1757090366165.jpg",1020,572,false],"portfolio_item-thumbnail_cinema":["https:\/\/portalesgi.isprambiente.it\/wp-content\/uploads\/2025\/09\/1024px-Saint_Patrick_Catholic_Church_Columbus_Ohio_-_relic_of_Saint_Pier_Giorgio_Frassati-e1757090366165-800x335.jpg",800,335,true],"portfolio_item-thumbnail_portrait":["https:\/\/portalesgi.isprambiente.it\/wp-content\/uploads\/2025\/09\/1024px-Saint_Patrick_Catholic_Church_Columbus_Ohio_-_relic_of_Saint_Pier_Giorgio_Frassati-e1757090366165-600x572.jpg",600,572,true],"portfolio_item-thumbnail_portrait@2x":["https:\/\/portalesgi.isprambiente.it\/wp-content\/uploads\/2025\/09\/1024px-Saint_Patrick_Catholic_Church_Columbus_Ohio_-_relic_of_Saint_Pier_Giorgio_Frassati-e1757090366165.jpg",1020,572,false],"portfolio_item-thumbnail_square":["https:\/\/portalesgi.isprambiente.it\/wp-content\/uploads\/2025\/09\/1024px-Saint_Patrick_Catholic_Church_Columbus_Ohio_-_relic_of_Saint_Pier_Giorgio_Frassati-e1757090366165-800x572.jpg",800,572,true]},"_links":{"self":[{"href":"https:\/\/portalesgi.isprambiente.it\/index.php?rest_route=\/wp\/v2\/posts\/8493","targetHints":{"allow":["GET"]}}],"collection":[{"href":"https:\/\/portalesgi.isprambiente.it\/index.php?rest_route=\/wp\/v2\/posts"}],"about":[{"href":"https:\/\/portalesgi.isprambiente.it\/index.php?rest_route=\/wp\/v2\/types\/post"}],"author":[{"embeddable":true,"href":"https:\/\/portalesgi.isprambiente.it\/index.php?rest_route=\/wp\/v2\/users\/3"}],"replies":[{"embeddable":true,"href":"https:\/\/portalesgi.isprambiente.it\/index.php?rest_route=%2Fwp%2Fv2%2Fcomments&post=8493"}],"version-history":[{"count":1,"href":"https:\/\/portalesgi.isprambiente.it\/index.php?rest_route=\/wp\/v2\/posts\/8493\/revisions"}],"predecessor-version":[{"id":8495,"href":"https:\/\/portalesgi.isprambiente.it\/index.php?rest_route=\/wp\/v2\/posts\/8493\/revisions\/8495"}],"wp:featuredmedia":[{"embeddable":true,"href":"https:\/\/portalesgi.isprambiente.it\/index.php?rest_route=\/wp\/v2\/media\/8494"}],"wp:attachment":[{"href":"https:\/\/portalesgi.isprambiente.it\/index.php?rest_route=%2Fwp%2Fv2%2Fmedia&parent=8493"}],"wp:term":[{"taxonomy":"category","embeddable":true,"href":"https:\/\/portalesgi.isprambiente.it\/index.php?rest_route=%2Fwp%2Fv2%2Fcategories&post=8493"},{"taxonomy":"post_tag","embeddable":true,"href":"https:\/\/portalesgi.isprambiente.it\/index.php?rest_route=%2Fwp%2Fv2%2Ftags&post=8493"}],"curies":[{"name":"wp","href":"https:\/\/api.w.org\/{rel}","templated":true}]}}